{"id":1051,"date":"2024-04-18T12:27:50","date_gmt":"2024-04-18T10:27:50","guid":{"rendered":"https:\/\/mahaloyoga.at\/cms\/?p=1051"},"modified":"2024-04-18T12:33:52","modified_gmt":"2024-04-18T10:33:52","slug":"rueckblick-auf-die-reise-der-uebergang-von-mahalo-yoga-studio","status":"publish","type":"post","link":"https:\/\/mahaloyoga.at\/cms\/rueckblick-auf-die-reise-der-uebergang-von-mahalo-yoga-studio\/","title":{"rendered":"R\u00fcckblick auf die Reise: Der \u00dcbergang von Mahalo Yoga Studio"},"content":{"rendered":"\n<p><em><strong>Mahalo an Dich!<\/strong><\/em><\/p>\n\n\n\n<p><\/p>\n\n\n\n<p><\/p>\n\n\n\n<p>Wenn ich mich hinsetze, um diese Nachricht mit dir zu teilen, ist mein Herz sowohl von Traurigkeit als auch von Aufregung erf\u00fcllt. Nach vier unglaublichen Jahren wird das Mahalo Yoga Studio seine T\u00fcren am 26. Mai 2024 schlie\u00dfen. Diese Entscheidung war nicht einfach, aber sie kommt mit unermesslicher Dankbarkeit f\u00fcr die gemeinsame Reise, die wir zusammen erlebt haben.<\/p>\n\n\n\n<p>Ich m\u00f6chte jedem einzelnen von euch, der durch unsere T\u00fcren gegangen ist, seine Matte ausgerollt hat und seine Energie mit mir geteilt hat, von Herzen danken. Eure Anwesenheit war der Herzschlag von Mahalo Yoga, und ich bin unendlich dankbar f\u00fcr die Gemeinschaft, die wir gemeinsam aufgebaut haben.<\/p>\n\n\n\n<p>W\u00e4hrend unserer gemeinsamen Zeit haben wir gelacht, geweint, Umarmungen geteilt, Gespr\u00e4che gef\u00fchrt und in die Sterne geschaut au\u00dferdem viele Erfolge gefeiert, von unseren beliebten Mahalo Yoga Montags Events in Zusammenarbeit mit lokalen Unternehmen, Sunny Kids Yoga mit Nathalie Reinwetter, Mahalo Yoga Mamas die ich in so einer besonderen Zeit begleiten darf und die kleinen Mahalo Yoga Yogis, bis hin zu den mir am Herzen liegende 108 Sonnengru\u00df-Events, das w\u00e4hrend der Sommer- und Winter-Tagundnachtgleichen stattfand. Diese Momente der Verbindung und des Feierns waren einige meiner special Moments als Yoga-Lehrer und Studioinhaber. Der H\u00f6hepunkt warst auf jedenfalls DU und DEIN Vertrauen, da\u00df wir gemeinsam gewachsen sind und f\u00fcr eine weile ich dich begleiten durfte.<\/p>\n\n\n\n<p>Auch wenn dieses Kapitel sich schlie\u00dft, freue ich mich sehr, den Beginn eines neuen Abenteuers bekannt zu geben: Mahalo Yoga on Tour. Dieses spannende Unterfangen wird mich \u00fcber die Grenzen unseres Studios hinaus in neue R\u00e4ume, neue Erfahrungen und neue Verbindungen f\u00fchren. Von Yoga &amp; Brunch-Erlebnissen bis hin zu Mahalo Yoga Sommer Events, Yoga-Retreats, sogar Yoga &amp; Wakesurf-Abenteuern, Yoga &amp; Wine Verkostung, Yoga &amp; Trumer Bier Sommerkino, kann ich es kaum erwarten, diese Reise mit euch auf neue und aufregende Weise fortzusetzen.<\/p>\n\n\n\n<p>Dar\u00fcber hinaus freue ich mich, bekannt zu geben, dass Mahalo Yoga an neuen Standorten erweitert wird: Montag in Jeggin Feuerwehr Haus, Dienstag in Lengau beim J\u00e4gerwirt, Mittwoch in Mattsee, Bajuwaren Geh\u00f6ft und im Strandbad, Samstag oder Sonntags, Das Seeh\u00e4user, Mattsee. Diese neuen R\u00e4ume werden dieselbe Hingabe an Praxis und Gemeinschaft bieten, die ihr kennen und lieben gelernt habt, mit dem zus\u00e4tzlichen Vorteil der flexiblen Buchung &#8211; ein Markenzeichen der Mahalo Yoga-Erfahrung.<\/p>\n\n\n\n<p>Das ist kein Abschied, sondern ein neuer Anfang &#8211; eine Gelegenheit zum Wachsen, Entwickeln und zum Weitergeben des Lichts des Yoga auf neue Weise. Ich lade euch alle ein, mich auf dieser Reise zu begleiten, w\u00e4hrend wir gemeinsam dieses n\u00e4chste Kapitel beginnen.<\/p>\n\n\n\n<p>Danke, aus tiefstem Herzen, dass ihr Teil der Mahalo Yoga-Familie wart. Eure Anwesenheit war ein Geschenk, und ich bin unendlich dankbar f\u00fcr die Erinnerungen, die wir gemeinsam geschaffen haben so wie das gemeinsame Lachen und die Tr\u00e4nen. <\/p>\n\n\n\n<p>Love, light, peace &amp; Mahalo,<\/p>\n\n\n\n<p>Melanie &amp; Momo<br>Gr\u00fcnder, Mahalo Yoga Studio &amp; the one and only Mahalo Yoga Dog<\/p>\n","protected":false},"excerpt":{"rendered":"<p>Mahalo an Dich! Wenn ich mich hinsetze, um diese Nachricht mit dir zu teilen, ist mein Herz sowohl von Traurigkeit als auch von Aufregung erf\u00fcllt. Nach vier unglaublichen Jahren wird das Mahalo Yoga Studio seine T\u00fcren am 26. Mai 2024 schlie\u00dfen. Diese Entscheidung war nicht einfach, aber sie kommt mit unermesslicher Dankbarkeit f\u00fcr die gemeinsame [&hellip;]<\/p>\n","protected":false},"author":2,"featured_media":1054,"comment_status":"closed","ping_status":"open","sticky":false,"template":"","format":"standard","meta":{"footnotes":""},"categories":[1],"tags":[124,115,7,123,125,25,8,126,77],"class_list":["post-1051","post","type-post","status-publish","format-standard","has-post-thumbnail","hentry","category-allgemein","tag-einetuereschliestsich","tag-mahaloyogaontour","tag-mattsee","tag-neuanfang","tag-neubeginn","tag-salzburgerseenland","tag-yoga","tag-yogalehrer","tag-yogastudio"],"_links":{"self":[{"href":"https:\/\/mahaloyoga.at\/cms\/wp-json\/wp\/v2\/posts\/1051","targetHints":{"allow":["GET"]}}],"collection":[{"href":"https:\/\/mahaloyoga.at\/cms\/wp-json\/wp\/v2\/posts"}],"about":[{"href":"https:\/\/mahaloyoga.at\/cms\/wp-json\/wp\/v2\/types\/post"}],"author":[{"embeddable":true,"href":"https:\/\/mahaloyoga.at\/cms\/wp-json\/wp\/v2\/users\/2"}],"replies":[{"embeddable":true,"href":"https:\/\/mahaloyoga.at\/cms\/wp-json\/wp\/v2\/comments?post=1051"}],"version-history":[{"count":1,"href":"https:\/\/mahaloyoga.at\/cms\/wp-json\/wp\/v2\/posts\/1051\/revisions"}],"predecessor-version":[{"id":1053,"href":"https:\/\/mahaloyoga.at\/cms\/wp-json\/wp\/v2\/posts\/1051\/revisions\/1053"}],"wp:featuredmedia":[{"embeddable":true,"href":"https:\/\/mahaloyoga.at\/cms\/wp-json\/wp\/v2\/media\/1054"}],"wp:attachment":[{"href":"https:\/\/mahaloyoga.at\/cms\/wp-json\/wp\/v2\/media?parent=1051"}],"wp:term":[{"taxonomy":"category","embeddable":true,"href":"https:\/\/mahaloyoga.at\/cms\/wp-json\/wp\/v2\/categories?post=1051"},{"taxonomy":"post_tag","embeddable":true,"href":"https:\/\/mahaloyoga.at\/cms\/wp-json\/wp\/v2\/tags?post=1051"}],"curies":[{"name":"wp","href":"https:\/\/api.w.org\/{rel}","templated":true}]}}